{"id":1940,"date":"2025-09-21T12:20:51","date_gmt":"2025-09-21T10:20:51","guid":{"rendered":"https:\/\/www.rdelsemme.com\/?p=1940"},"modified":"2025-09-30T09:00:42","modified_gmt":"2025-09-30T07:00:42","slug":"v","status":"publish","type":"post","link":"https:\/\/www.rdelsemme.com\/en\/v\/","title":{"rendered":"VOILIER AZUR\u00c9E\ud83d\udd34"},"content":{"rendered":"<div data-elementor-type=\"wp-post\" data-elementor-id=\"1940\" class=\"elementor elementor-1940\">\n\t\t\t\t\t\t<section class=\"elementor-section elementor-top-section elementor-element elementor-element-57d35e3e elementor-section-boxed elementor-section-height-default elementor-section-height-default\" data-id=\"57d35e3e\" data-element_type=\"section\" data-e-type=\"section\">\n\t\t\t\t\t\t<div class=\"elementor-container elementor-column-gap-default\">\n\t\t\t\t\t<div class=\"elementor-column elementor-col-100 elementor-top-column elementor-element elementor-element-5c7ed0a5\" data-id=\"5c7ed0a5\" data-element_type=\"column\" data-e-type=\"column\">\n\t\t\t<div class=\"elementor-widget-wrap elementor-element-populated\">\n\t\t\t\t\t\t<div class=\"elementor-element elementor-element-3bd440fd elementor-widget elementor-widget-heading\" data-id=\"3bd440fd\" data-element_type=\"widget\" data-e-type=\"widget\" data-widget_type=\"heading.default\">\n\t\t\t\t<div class=\"elementor-widget-container\">\n\t\t\t\t\t<h1 class=\"elementor-heading-title elementor-size-default\">VOILES AZUR\u00c9E<\/h1>\t\t\t\t<\/div>\n\t\t\t\t<\/div>\n\t\t\t\t\t<\/div>\n\t\t<\/div>\n\t\t\t\t\t<\/div>\n\t\t<\/section>\n\t\t\t\t<section class=\"elementor-section elementor-top-section elementor-element elementor-element-b16a2a4 elementor-section-boxed elementor-section-height-default elementor-section-height-default\" data-id=\"b16a2a4\" data-element_type=\"section\" data-e-type=\"section\">\n\t\t\t\t\t\t<div class=\"elementor-container elementor-column-gap-default\">\n\t\t\t\t\t<div class=\"elementor-column elementor-col-100 elementor-top-column elementor-element elementor-element-7ec0f27e\" data-id=\"7ec0f27e\" data-element_type=\"column\" data-e-type=\"column\">\n\t\t\t<div class=\"elementor-widget-wrap elementor-element-populated\">\n\t\t\t\t\t\t<div class=\"elementor-element elementor-element-491608ce elementor-widget elementor-widget-image\" data-id=\"491608ce\" data-element_type=\"widget\" data-e-type=\"widget\" data-widget_type=\"image.default\">\n\t\t\t\t<div class=\"elementor-widget-container\">\n\t\t\t\t\t\t\t\t\t\t\t\t\t\t\t<img fetchpriority=\"high\" decoding=\"async\" width=\"1024\" height=\"1024\" src=\"https:\/\/www.rdelsemme.com\/wp-content\/uploads\/2024\/05\/Voiles-azuree-1024x1024.png\" class=\"attachment-large size-large wp-image-899\" alt=\"\" srcset=\"https:\/\/www.rdelsemme.com\/wp-content\/uploads\/2024\/05\/Voiles-azuree-1024x1024.png 1024w, https:\/\/www.rdelsemme.com\/wp-content\/uploads\/2024\/05\/Voiles-azuree-300x300.png 300w, https:\/\/www.rdelsemme.com\/wp-content\/uploads\/2024\/05\/Voiles-azuree-150x150.png 150w, https:\/\/www.rdelsemme.com\/wp-content\/uploads\/2024\/05\/Voiles-azuree-768x768.png 768w, https:\/\/www.rdelsemme.com\/wp-content\/uploads\/2024\/05\/Voiles-azuree-600x600.png 600w, https:\/\/www.rdelsemme.com\/wp-content\/uploads\/2024\/05\/Voiles-azuree-100x100.png 100w, https:\/\/www.rdelsemme.com\/wp-content\/uploads\/2024\/05\/Voiles-azuree.png 1080w\" sizes=\"(max-width: 1024px) 100vw, 1024px\" \/>\t\t\t\t\t\t\t\t\t\t\t\t\t\t\t<\/div>\n\t\t\t\t<\/div>\n\t\t\t\t\t<\/div>\n\t\t<\/div>\n\t\t\t\t\t<\/div>\n\t\t<\/section>\n\t\t\t\t<section class=\"elementor-section elementor-top-section elementor-element elementor-element-2639dfdc elementor-section-boxed elementor-section-height-default elementor-section-height-default\" data-id=\"2639dfdc\" data-element_type=\"section\" data-e-type=\"section\">\n\t\t\t\t\t\t<div class=\"elementor-container elementor-column-gap-default\">\n\t\t\t\t\t<div class=\"elementor-column elementor-col-100 elementor-top-column elementor-element elementor-element-2e11bc7f\" data-id=\"2e11bc7f\" data-element_type=\"column\" data-e-type=\"column\">\n\t\t\t<div class=\"elementor-widget-wrap elementor-element-populated\">\n\t\t\t\t\t\t<div class=\"elementor-element elementor-element-971d2e8 elementor-widget elementor-widget-text-editor\" data-id=\"971d2e8\" data-element_type=\"widget\" data-e-type=\"widget\" data-widget_type=\"text-editor.default\">\n\t\t\t\t<div class=\"elementor-widget-container\">\n\t\t\t\t\t\t\t\t\t<p><strong>Voiles Azur\u00e9e<\/strong><\/p><p>Embrassez la beaut\u00e9 de la mer avec \u00ab\u00a0Voiles Azur\u00e9e\u00a0\u00bb, une sculpture en fibre de verre vibrante, ancr\u00e9e sur une authentique pierre brute collect\u00e9e dans la for\u00eat, mais ayant jadis appartenu \u00e0 la mer. Cette \u0153uvre symbolise un cycle naturel o\u00f9 la terre et l\u2019eau se rencontrent, cr\u00e9ant une harmonie visuelle entre la modernit\u00e9 de la fibre de verre et l\u2019authenticit\u00e9 de la pierre.<\/p><p><strong>Dimensions :<\/strong> 64 x 42 x16<\/p><p><strong>Mat\u00e9riel :<\/strong> Fibre de verre avec base en roche naturelle<\/p><p><strong>Couleur :<\/strong> Bleu profond<\/p><p>Cette sculpture est id\u00e9ale pour ceux qui cherchent \u00e0 ajouter une dimension contemplative et \u00e9cologique \u00e0 leur espace. Parfaite pour les int\u00e9rieurs modernes ou les jardins ext\u00e9rieurs, \u00ab\u00a0Voiles Azur\u00e9e\u00a0\u00bb inspire tranquillit\u00e9 et r\u00e9flexion.<\/p><p>La pierre, ayant \u00e9t\u00e9 r\u00e9cup\u00e9r\u00e9e dans une for\u00eat et ayant appartenu \u00e0 l\u2019oc\u00e9an, porte avec elle des histoires de la nature, enrichissant encore plus la valeur esth\u00e9tique et spirituelle de cette \u0153uvre.<\/p>\t\t\t\t\t\t\t\t<\/div>\n\t\t\t\t<\/div>\n\t\t\t\t\t<\/div>\n\t\t<\/div>\n\t\t\t\t\t<\/div>\n\t\t<\/section>\n\t\t\t\t<section class=\"elementor-section elementor-top-section elementor-element elementor-element-d2cdf86 elementor-section-boxed elementor-section-height-default elementor-section-height-default\" data-id=\"d2cdf86\" data-element_type=\"section\" data-e-type=\"section\">\n\t\t\t\t\t\t<div class=\"elementor-container elementor-column-gap-default\">\n\t\t\t\t\t<div class=\"elementor-column elementor-col-100 elementor-top-column elementor-element elementor-element-62cca38a\" data-id=\"62cca38a\" data-element_type=\"column\" data-e-type=\"column\">\n\t\t\t<div class=\"elementor-widget-wrap elementor-element-populated\">\n\t\t\t\t\t\t<div class=\"elementor-element elementor-element-31d43af8 elementor-align-center elementor-widget elementor-widget-button\" data-id=\"31d43af8\" data-element_type=\"widget\" data-e-type=\"widget\" data-widget_type=\"button.default\">\n\t\t\t\t<div class=\"elementor-widget-container\">\n\t\t\t\t\t\t\t\t\t<div class=\"elementor-button-wrapper\">\n\t\t\t\t\t<a class=\"elementor-button elementor-button-link elementor-size-sm\" href=\"#\">\n\t\t\t\t\t\t<span class=\"elementor-button-content-wrapper\">\n\t\t\t\t\t\t\t\t\t<span class=\"elementor-button-text\">Me contacter pour en savoir plus.<\/span>\n\t\t\t\t\t<\/span>\n\t\t\t\t\t<\/a>\n\t\t\t\t<\/div>\n\t\t\t\t\t\t\t\t<\/div>\n\t\t\t\t<\/div>\n\t\t\t\t\t<\/div>\n\t\t<\/div>\n\t\t\t\t\t<\/div>\n\t\t<\/section>\n\t\t\t\t<\/div>","protected":false},"excerpt":{"rendered":"<p>VOILES AZUR\u00c9E Voiles Azur\u00e9e Embrassez la beaut\u00e9 de la mer avec \u00ab\u00a0Voiles Azur\u00e9e\u00a0\u00bb, une sculpture en fibre de verre vibrante, ancr\u00e9e sur une authentique pierre brute collect\u00e9e dans la for\u00eat, mais ayant jadis appartenu \u00e0 la mer. Cette \u0153uvre symbolise un cycle naturel o\u00f9 la terre et l\u2019eau se rencontrent, cr\u00e9ant une harmonie visuelle entre&#8230;<\/p>","protected":false},"author":1,"featured_media":899,"comment_status":"open","ping_status":"open","sticky":false,"template":"","format":"standard","meta":{"_kad_post_transparent":"","_kad_post_title":"","_kad_post_layout":"","_kad_post_sidebar_id":"","_kad_post_content_style":"","_kad_post_vertical_padding":"","_kad_post_feature":"","_kad_post_feature_position":"","_kad_post_header":false,"_kad_post_footer":false,"footnotes":""},"categories":[57,58],"tags":[],"class_list":["post-1940","post","type-post","status-publish","format-standard","has-post-thumbnail","hentry","category-les-voiliers","category-vendu"],"yoast_head":"<!-- This site is optimized with the Yoast SEO plugin v27.5 - https:\/\/yoast.com\/product\/yoast-seo-wordpress\/ -->\n<title>VOILIER AZUR\u00c9E\ud83d\udd34 - RDelsemme<\/title>\n<meta name=\"robots\" content=\"index, follow, max-snippet:-1, max-image-preview:large, max-video-preview:-1\" \/>\n<link rel=\"canonical\" href=\"https:\/\/www.rdelsemme.com\/en\/v\/\" \/>\n<meta property=\"og:locale\" content=\"en_US\" \/>\n<meta property=\"og:type\" content=\"article\" \/>\n<meta property=\"og:title\" content=\"VOILIER AZUR\u00c9E\ud83d\udd34 - RDelsemme\" \/>\n<meta property=\"og:description\" content=\"VOILES AZUR\u00c9E Voiles Azur\u00e9e Embrassez la beaut\u00e9 de la mer avec \u00ab\u00a0Voiles Azur\u00e9e\u00a0\u00bb, une sculpture en fibre de verre vibrante, ancr\u00e9e sur une authentique pierre brute collect\u00e9e dans la for\u00eat, mais ayant jadis appartenu \u00e0 la mer. Cette \u0153uvre symbolise un cycle naturel o\u00f9 la terre et l\u2019eau se rencontrent, cr\u00e9ant une harmonie visuelle entre...\" \/>\n<meta property=\"og:url\" content=\"https:\/\/www.rdelsemme.com\/en\/v\/\" \/>\n<meta property=\"og:site_name\" content=\"RDelsemme\" \/>\n<meta property=\"article:published_time\" content=\"2025-09-21T10:20:51+00:00\" \/>\n<meta property=\"article:modified_time\" content=\"2025-09-30T07:00:42+00:00\" \/>\n<meta property=\"og:image\" content=\"https:\/\/www.rdelsemme.com\/wp-content\/uploads\/2024\/05\/Voiles-azuree.png\" \/>\n\t<meta property=\"og:image:width\" content=\"1080\" \/>\n\t<meta property=\"og:image:height\" content=\"1080\" \/>\n\t<meta property=\"og:image:type\" content=\"image\/png\" \/>\n<meta name=\"author\" content=\"rdelsemme\" \/>\n<meta name=\"twitter:card\" content=\"summary_large_image\" \/>\n<meta name=\"twitter:label1\" content=\"Written by\" \/>\n\t<meta name=\"twitter:data1\" content=\"rdelsemme\" \/>\n\t<meta name=\"twitter:label2\" content=\"Est. reading time\" \/>\n\t<meta name=\"twitter:data2\" content=\"2 minutes\" \/>\n<script type=\"application\/ld+json\" class=\"yoast-schema-graph\">{\"@context\":\"https:\\\/\\\/schema.org\",\"@graph\":[{\"@type\":\"Article\",\"@id\":\"https:\\\/\\\/www.rdelsemme.com\\\/v\\\/#article\",\"isPartOf\":{\"@id\":\"https:\\\/\\\/www.rdelsemme.com\\\/v\\\/\"},\"author\":{\"name\":\"rdelsemme\",\"@id\":\"https:\\\/\\\/www.rdelsemme.com\\\/#\\\/schema\\\/person\\\/deaaa5efccddd0af470b509f08c766c3\"},\"headline\":\"VOILIER AZUR\u00c9E\ud83d\udd34\",\"datePublished\":\"2025-09-21T10:20:51+00:00\",\"dateModified\":\"2025-09-30T07:00:42+00:00\",\"mainEntityOfPage\":{\"@id\":\"https:\\\/\\\/www.rdelsemme.com\\\/v\\\/\"},\"wordCount\":174,\"commentCount\":0,\"publisher\":{\"@id\":\"https:\\\/\\\/www.rdelsemme.com\\\/#\\\/schema\\\/person\\\/deaaa5efccddd0af470b509f08c766c3\"},\"image\":{\"@id\":\"https:\\\/\\\/www.rdelsemme.com\\\/v\\\/#primaryimage\"},\"thumbnailUrl\":\"https:\\\/\\\/www.rdelsemme.com\\\/wp-content\\\/uploads\\\/2024\\\/05\\\/Voiles-azuree.png\",\"articleSection\":[\"LES VOILIERS\",\"Vendu\"],\"inLanguage\":\"en-US\",\"potentialAction\":[{\"@type\":\"CommentAction\",\"name\":\"Comment\",\"target\":[\"https:\\\/\\\/www.rdelsemme.com\\\/v\\\/#respond\"]}]},{\"@type\":\"WebPage\",\"@id\":\"https:\\\/\\\/www.rdelsemme.com\\\/v\\\/\",\"url\":\"https:\\\/\\\/www.rdelsemme.com\\\/v\\\/\",\"name\":\"VOILIER AZUR\u00c9E\ud83d\udd34 - RDelsemme\",\"isPartOf\":{\"@id\":\"https:\\\/\\\/www.rdelsemme.com\\\/#website\"},\"primaryImageOfPage\":{\"@id\":\"https:\\\/\\\/www.rdelsemme.com\\\/v\\\/#primaryimage\"},\"image\":{\"@id\":\"https:\\\/\\\/www.rdelsemme.com\\\/v\\\/#primaryimage\"},\"thumbnailUrl\":\"https:\\\/\\\/www.rdelsemme.com\\\/wp-content\\\/uploads\\\/2024\\\/05\\\/Voiles-azuree.png\",\"datePublished\":\"2025-09-21T10:20:51+00:00\",\"dateModified\":\"2025-09-30T07:00:42+00:00\",\"breadcrumb\":{\"@id\":\"https:\\\/\\\/www.rdelsemme.com\\\/v\\\/#breadcrumb\"},\"inLanguage\":\"en-US\",\"potentialAction\":[{\"@type\":\"ReadAction\",\"target\":[\"https:\\\/\\\/www.rdelsemme.com\\\/v\\\/\"]}]},{\"@type\":\"ImageObject\",\"inLanguage\":\"en-US\",\"@id\":\"https:\\\/\\\/www.rdelsemme.com\\\/v\\\/#primaryimage\",\"url\":\"https:\\\/\\\/www.rdelsemme.com\\\/wp-content\\\/uploads\\\/2024\\\/05\\\/Voiles-azuree.png\",\"contentUrl\":\"https:\\\/\\\/www.rdelsemme.com\\\/wp-content\\\/uploads\\\/2024\\\/05\\\/Voiles-azuree.png\",\"width\":1080,\"height\":1080},{\"@type\":\"BreadcrumbList\",\"@id\":\"https:\\\/\\\/www.rdelsemme.com\\\/v\\\/#breadcrumb\",\"itemListElement\":[{\"@type\":\"ListItem\",\"position\":1,\"name\":\"Accueil\",\"item\":\"https:\\\/\\\/www.rdelsemme.com\\\/\"},{\"@type\":\"ListItem\",\"position\":2,\"name\":\"VOILIER AZUR\u00c9E\ud83d\udd34\"}]},{\"@type\":\"WebSite\",\"@id\":\"https:\\\/\\\/www.rdelsemme.com\\\/#website\",\"url\":\"https:\\\/\\\/www.rdelsemme.com\\\/\",\"name\":\"RDelsemme\",\"description\":\"Artiste Designer\",\"publisher\":{\"@id\":\"https:\\\/\\\/www.rdelsemme.com\\\/#\\\/schema\\\/person\\\/deaaa5efccddd0af470b509f08c766c3\"},\"potentialAction\":[{\"@type\":\"SearchAction\",\"target\":{\"@type\":\"EntryPoint\",\"urlTemplate\":\"https:\\\/\\\/www.rdelsemme.com\\\/?s={search_term_string}\"},\"query-input\":{\"@type\":\"PropertyValueSpecification\",\"valueRequired\":true,\"valueName\":\"search_term_string\"}}],\"inLanguage\":\"en-US\"},{\"@type\":[\"Person\",\"Organization\"],\"@id\":\"https:\\\/\\\/www.rdelsemme.com\\\/#\\\/schema\\\/person\\\/deaaa5efccddd0af470b509f08c766c3\",\"name\":\"rdelsemme\",\"image\":{\"@type\":\"ImageObject\",\"inLanguage\":\"en-US\",\"@id\":\"https:\\\/\\\/www.rdelsemme.com\\\/wp-content\\\/uploads\\\/2022\\\/08\\\/logo-3-512.bmp\",\"url\":\"https:\\\/\\\/www.rdelsemme.com\\\/wp-content\\\/uploads\\\/2022\\\/08\\\/logo-3-512.bmp\",\"contentUrl\":\"https:\\\/\\\/www.rdelsemme.com\\\/wp-content\\\/uploads\\\/2022\\\/08\\\/logo-3-512.bmp\",\"width\":512,\"height\":512,\"caption\":\"rdelsemme\"},\"logo\":{\"@id\":\"https:\\\/\\\/www.rdelsemme.com\\\/wp-content\\\/uploads\\\/2022\\\/08\\\/logo-3-512.bmp\"},\"sameAs\":[\"https:\\\/\\\/www.rdelsemme.com\"],\"url\":\"https:\\\/\\\/www.rdelsemme.com\\\/en\\\/author\\\/rdelsemme\\\/\"}]}<\/script>\n<!-- \/ Yoast SEO plugin. -->","yoast_head_json":{"title":"VOILIER AZUR\u00c9E\ud83d\udd34 - RDelsemme","robots":{"index":"index","follow":"follow","max-snippet":"max-snippet:-1","max-image-preview":"max-image-preview:large","max-video-preview":"max-video-preview:-1"},"canonical":"https:\/\/www.rdelsemme.com\/en\/v\/","og_locale":"en_US","og_type":"article","og_title":"VOILIER AZUR\u00c9E\ud83d\udd34 - RDelsemme","og_description":"VOILES AZUR\u00c9E Voiles Azur\u00e9e Embrassez la beaut\u00e9 de la mer avec \u00ab\u00a0Voiles Azur\u00e9e\u00a0\u00bb, une sculpture en fibre de verre vibrante, ancr\u00e9e sur une authentique pierre brute collect\u00e9e dans la for\u00eat, mais ayant jadis appartenu \u00e0 la mer. Cette \u0153uvre symbolise un cycle naturel o\u00f9 la terre et l\u2019eau se rencontrent, cr\u00e9ant une harmonie visuelle entre...","og_url":"https:\/\/www.rdelsemme.com\/en\/v\/","og_site_name":"RDelsemme","article_published_time":"2025-09-21T10:20:51+00:00","article_modified_time":"2025-09-30T07:00:42+00:00","og_image":[{"width":1080,"height":1080,"url":"https:\/\/www.rdelsemme.com\/wp-content\/uploads\/2024\/05\/Voiles-azuree.png","type":"image\/png"}],"author":"rdelsemme","twitter_card":"summary_large_image","twitter_misc":{"Written by":"rdelsemme","Est. reading time":"2 minutes"},"schema":{"@context":"https:\/\/schema.org","@graph":[{"@type":"Article","@id":"https:\/\/www.rdelsemme.com\/v\/#article","isPartOf":{"@id":"https:\/\/www.rdelsemme.com\/v\/"},"author":{"name":"rdelsemme","@id":"https:\/\/www.rdelsemme.com\/#\/schema\/person\/deaaa5efccddd0af470b509f08c766c3"},"headline":"VOILIER AZUR\u00c9E\ud83d\udd34","datePublished":"2025-09-21T10:20:51+00:00","dateModified":"2025-09-30T07:00:42+00:00","mainEntityOfPage":{"@id":"https:\/\/www.rdelsemme.com\/v\/"},"wordCount":174,"commentCount":0,"publisher":{"@id":"https:\/\/www.rdelsemme.com\/#\/schema\/person\/deaaa5efccddd0af470b509f08c766c3"},"image":{"@id":"https:\/\/www.rdelsemme.com\/v\/#primaryimage"},"thumbnailUrl":"https:\/\/www.rdelsemme.com\/wp-content\/uploads\/2024\/05\/Voiles-azuree.png","articleSection":["LES VOILIERS","Vendu"],"inLanguage":"en-US","potentialAction":[{"@type":"CommentAction","name":"Comment","target":["https:\/\/www.rdelsemme.com\/v\/#respond"]}]},{"@type":"WebPage","@id":"https:\/\/www.rdelsemme.com\/v\/","url":"https:\/\/www.rdelsemme.com\/v\/","name":"VOILIER AZUR\u00c9E\ud83d\udd34 - RDelsemme","isPartOf":{"@id":"https:\/\/www.rdelsemme.com\/#website"},"primaryImageOfPage":{"@id":"https:\/\/www.rdelsemme.com\/v\/#primaryimage"},"image":{"@id":"https:\/\/www.rdelsemme.com\/v\/#primaryimage"},"thumbnailUrl":"https:\/\/www.rdelsemme.com\/wp-content\/uploads\/2024\/05\/Voiles-azuree.png","datePublished":"2025-09-21T10:20:51+00:00","dateModified":"2025-09-30T07:00:42+00:00","breadcrumb":{"@id":"https:\/\/www.rdelsemme.com\/v\/#breadcrumb"},"inLanguage":"en-US","potentialAction":[{"@type":"ReadAction","target":["https:\/\/www.rdelsemme.com\/v\/"]}]},{"@type":"ImageObject","inLanguage":"en-US","@id":"https:\/\/www.rdelsemme.com\/v\/#primaryimage","url":"https:\/\/www.rdelsemme.com\/wp-content\/uploads\/2024\/05\/Voiles-azuree.png","contentUrl":"https:\/\/www.rdelsemme.com\/wp-content\/uploads\/2024\/05\/Voiles-azuree.png","width":1080,"height":1080},{"@type":"BreadcrumbList","@id":"https:\/\/www.rdelsemme.com\/v\/#breadcrumb","itemListElement":[{"@type":"ListItem","position":1,"name":"Accueil","item":"https:\/\/www.rdelsemme.com\/"},{"@type":"ListItem","position":2,"name":"VOILIER AZUR\u00c9E\ud83d\udd34"}]},{"@type":"WebSite","@id":"https:\/\/www.rdelsemme.com\/#website","url":"https:\/\/www.rdelsemme.com\/","name":"RDelsemme","description":"Artiste Designer","publisher":{"@id":"https:\/\/www.rdelsemme.com\/#\/schema\/person\/deaaa5efccddd0af470b509f08c766c3"},"potentialAction":[{"@type":"SearchAction","target":{"@type":"EntryPoint","urlTemplate":"https:\/\/www.rdelsemme.com\/?s={search_term_string}"},"query-input":{"@type":"PropertyValueSpecification","valueRequired":true,"valueName":"search_term_string"}}],"inLanguage":"en-US"},{"@type":["Person","Organization"],"@id":"https:\/\/www.rdelsemme.com\/#\/schema\/person\/deaaa5efccddd0af470b509f08c766c3","name":"rdelsemme","image":{"@type":"ImageObject","inLanguage":"en-US","@id":"https:\/\/www.rdelsemme.com\/wp-content\/uploads\/2022\/08\/logo-3-512.bmp","url":"https:\/\/www.rdelsemme.com\/wp-content\/uploads\/2022\/08\/logo-3-512.bmp","contentUrl":"https:\/\/www.rdelsemme.com\/wp-content\/uploads\/2022\/08\/logo-3-512.bmp","width":512,"height":512,"caption":"rdelsemme"},"logo":{"@id":"https:\/\/www.rdelsemme.com\/wp-content\/uploads\/2022\/08\/logo-3-512.bmp"},"sameAs":["https:\/\/www.rdelsemme.com"],"url":"https:\/\/www.rdelsemme.com\/en\/author\/rdelsemme\/"}]}},"_links":{"self":[{"href":"https:\/\/www.rdelsemme.com\/en\/wp-json\/wp\/v2\/posts\/1940","targetHints":{"allow":["GET"]}}],"collection":[{"href":"https:\/\/www.rdelsemme.com\/en\/wp-json\/wp\/v2\/posts"}],"about":[{"href":"https:\/\/www.rdelsemme.com\/en\/wp-json\/wp\/v2\/types\/post"}],"author":[{"embeddable":true,"href":"https:\/\/www.rdelsemme.com\/en\/wp-json\/wp\/v2\/users\/1"}],"replies":[{"embeddable":true,"href":"https:\/\/www.rdelsemme.com\/en\/wp-json\/wp\/v2\/comments?post=1940"}],"version-history":[{"count":8,"href":"https:\/\/www.rdelsemme.com\/en\/wp-json\/wp\/v2\/posts\/1940\/revisions"}],"predecessor-version":[{"id":2067,"href":"https:\/\/www.rdelsemme.com\/en\/wp-json\/wp\/v2\/posts\/1940\/revisions\/2067"}],"wp:featuredmedia":[{"embeddable":true,"href":"https:\/\/www.rdelsemme.com\/en\/wp-json\/wp\/v2\/media\/899"}],"wp:attachment":[{"href":"https:\/\/www.rdelsemme.com\/en\/wp-json\/wp\/v2\/media?parent=1940"}],"wp:term":[{"taxonomy":"category","embeddable":true,"href":"https:\/\/www.rdelsemme.com\/en\/wp-json\/wp\/v2\/categories?post=1940"},{"taxonomy":"post_tag","embeddable":true,"href":"https:\/\/www.rdelsemme.com\/en\/wp-json\/wp\/v2\/tags?post=1940"}],"curies":[{"name":"wp","href":"https:\/\/api.w.org\/{rel}","templated":true}]}}