{"id":1837,"date":"2025-09-26T12:52:18","date_gmt":"2025-09-26T10:52:18","guid":{"rendered":"https:\/\/www.rdelsemme.com\/?p=1837"},"modified":"2025-09-29T17:01:17","modified_gmt":"2025-09-29T15:01:17","slug":"le-phoenix-de-la-foret-des-maures","status":"publish","type":"post","link":"https:\/\/www.rdelsemme.com\/en\/le-phoenix-de-la-foret-des-maures\/","title":{"rendered":"LE PH\u0152NIX DE LA FOR\u00caT DES MAURES\ud83d\udd34"},"content":{"rendered":"<div data-elementor-type=\"wp-post\" data-elementor-id=\"1837\" class=\"elementor elementor-1837\">\n\t\t\t\t\t\t<section class=\"elementor-section elementor-top-section elementor-element elementor-element-2c098d43 elementor-section-boxed elementor-section-height-default elementor-section-height-default\" data-id=\"2c098d43\" data-element_type=\"section\" data-e-type=\"section\">\n\t\t\t\t\t\t<div class=\"elementor-container elementor-column-gap-default\">\n\t\t\t\t\t<div class=\"elementor-column elementor-col-100 elementor-top-column elementor-element elementor-element-386db55a\" data-id=\"386db55a\" data-element_type=\"column\" data-e-type=\"column\">\n\t\t\t<div class=\"elementor-widget-wrap elementor-element-populated\">\n\t\t\t\t\t\t<div class=\"elementor-element elementor-element-5e26fe46 elementor-widget elementor-widget-heading\" data-id=\"5e26fe46\" data-element_type=\"widget\" data-e-type=\"widget\" data-widget_type=\"heading.default\">\n\t\t\t\t<div class=\"elementor-widget-container\">\n\t\t\t\t\t<h1 class=\"elementor-heading-title elementor-size-default\">LE PH\u0152NIX DE LA FOR\u00caT DES MAURES<\/h1>\t\t\t\t<\/div>\n\t\t\t\t<\/div>\n\t\t\t\t\t<\/div>\n\t\t<\/div>\n\t\t\t\t\t<\/div>\n\t\t<\/section>\n\t\t\t\t<section class=\"elementor-section elementor-top-section elementor-element elementor-element-3c2e98d2 elementor-section-boxed elementor-section-height-default elementor-section-height-default\" data-id=\"3c2e98d2\" data-element_type=\"section\" data-e-type=\"section\">\n\t\t\t\t\t\t<div class=\"elementor-container elementor-column-gap-default\">\n\t\t\t\t\t<div class=\"elementor-column elementor-col-100 elementor-top-column elementor-element elementor-element-7b62e9a9\" data-id=\"7b62e9a9\" data-element_type=\"column\" data-e-type=\"column\">\n\t\t\t<div class=\"elementor-widget-wrap elementor-element-populated\">\n\t\t\t\t\t\t<div class=\"elementor-element elementor-element-7a70a575 elementor-widget elementor-widget-image\" data-id=\"7a70a575\" data-element_type=\"widget\" data-e-type=\"widget\" data-widget_type=\"image.default\">\n\t\t\t\t<div class=\"elementor-widget-container\">\n\t\t\t\t\t\t\t\t\t\t\t\t\t\t\t<img fetchpriority=\"high\" decoding=\"async\" width=\"996\" height=\"449\" src=\"https:\/\/www.rdelsemme.com\/wp-content\/uploads\/2022\/08\/phoenix2.png\" class=\"attachment-large size-large wp-image-175\" alt=\"\" srcset=\"https:\/\/www.rdelsemme.com\/wp-content\/uploads\/2022\/08\/phoenix2.png 996w, https:\/\/www.rdelsemme.com\/wp-content\/uploads\/2022\/08\/phoenix2-600x270.png 600w, https:\/\/www.rdelsemme.com\/wp-content\/uploads\/2022\/08\/phoenix2-300x135.png 300w, https:\/\/www.rdelsemme.com\/wp-content\/uploads\/2022\/08\/phoenix2-768x346.png 768w\" sizes=\"(max-width: 996px) 100vw, 996px\" \/>\t\t\t\t\t\t\t\t\t\t\t\t\t\t\t<\/div>\n\t\t\t\t<\/div>\n\t\t\t\t\t<\/div>\n\t\t<\/div>\n\t\t\t\t\t<\/div>\n\t\t<\/section>\n\t\t\t\t<section class=\"elementor-section elementor-top-section elementor-element elementor-element-43cb6fed elementor-section-boxed elementor-section-height-default elementor-section-height-default\" data-id=\"43cb6fed\" data-element_type=\"section\" data-e-type=\"section\">\n\t\t\t\t\t\t<div class=\"elementor-container elementor-column-gap-default\">\n\t\t\t\t\t<div class=\"elementor-column elementor-col-100 elementor-top-column elementor-element elementor-element-64c42196\" data-id=\"64c42196\" data-element_type=\"column\" data-e-type=\"column\">\n\t\t\t<div class=\"elementor-widget-wrap elementor-element-populated\">\n\t\t\t\t\t\t<div class=\"elementor-element elementor-element-55c2c43d elementor-widget elementor-widget-text-editor\" data-id=\"55c2c43d\" data-element_type=\"widget\" data-e-type=\"widget\" data-widget_type=\"text-editor.default\">\n\t\t\t\t<div class=\"elementor-widget-container\">\n\t\t\t\t\t\t\t\t\t<p>\u0152uvre r\u00e9alis\u00e9e \u00e0 l\u2019occasion des incendies qui ont eu lieu dans le var (for\u00eat des Maures) en Aout 2021, beaucoup, faune et flore ont \u00e9t\u00e9 durement impact\u00e9s.<\/p><p><span data-tt=\"{&quot;paragraphStyle&quot;:{&quot;alignment&quot;:4,&quot;writingDirection&quot;:1}}\">\u00a0L\u2019\u0153uvre \u00ab\u00a0<\/span><span data-tt=\"{&quot;paragraphStyle&quot;:{&quot;alignment&quot;:4,&quot;writingDirection&quot;:1}}\">Le Phoenix des maures<\/span><span data-tt=\"{&quot;paragraphStyle&quot;:{&quot;alignment&quot;:4,&quot;writingDirection&quot;:1}}\">\u00a0\u00bb est une pi\u00e8ce d\u2019art contemporain qui pousse les limites de l\u2019expression artistique en combinant des mat\u00e9riaux disparates pour cr\u00e9er un impact visuel et \u00e9motionnel fort. Au premier regard, le spectateur est imm\u00e9diatement attir\u00e9 par la silhouette imposante du ph\u00e9nix blanc, sculpt\u00e9 avec pr\u00e9cision \u00e0 partir de carbone pur. Le choix du carbone comme mat\u00e9riau principal renforce l\u2019id\u00e9e de transformation et de r\u00e9silience associ\u00e9e au phoenix, symbolisant ainsi la renaissance et la capacit\u00e9 de surmonter les \u00e9preuves les plus ardues. <\/span><\/p><p><span data-tt=\"{&quot;paragraphStyle&quot;:{&quot;alignment&quot;:4,&quot;writingDirection&quot;:1}}\">Le ph\u00e9nix est pos\u00e9 avec gr\u00e2ce sur deux morceaux de bois calcin\u00e9, qui semblent avoir \u00e9t\u00e9 soumis \u00e0 une intense chaleur et qui portent les marques de leur transformation. Le contraste entre le blanc immacul\u00e9 du ph\u00e9nix et le noir profond et rugueux du bois br\u00fbl\u00e9 est \u00e0 la fois frappant et symbolique. Le bois calcin\u00e9 rappelle les cendres et les vestiges d\u2019un pass\u00e9 douloureux, tandis que le ph\u00e9nix incarne l\u2019espoir, la r\u00e9g\u00e9n\u00e9ration et le renouveau. Cette juxtaposition entre les \u00e9l\u00e9ments carbonis\u00e9s et le ph\u00e9nix blanc cr\u00e9e une tension visuelle et invite le spectateur \u00e0 r\u00e9fl\u00e9chir sur la dualit\u00e9 de la vie et de la mort, du chaos et de l\u2019ordre. <\/span><\/p><p><span data-tt=\"{&quot;paragraphStyle&quot;:{&quot;alignment&quot;:4,&quot;writingDirection&quot;:1}}\">L\u2019\u0153uvre est pr\u00e9sent\u00e9e sur un socle blanc, offrant une base solide et \u00e9quilibr\u00e9e qui met en valeur la l\u00e9g\u00e8ret\u00e9 a\u00e9rienne du ph\u00e9nix. La sculpture est minutieusement con\u00e7ue pour capturer les d\u00e9tails les plus d\u00e9licats du plumage du ph\u00e9nix, avec des ailes d\u00e9ploy\u00e9es majestueusement, pr\u00eates \u00e0 s\u2019envoler vers de nouveaux horizons. <\/span><\/p><p><span data-tt=\"{&quot;paragraphStyle&quot;:{&quot;alignment&quot;:4,&quot;writingDirection&quot;:1}}\">\u00ab\u00a0<\/span><span data-tt=\"{&quot;paragraphStyle&quot;:{&quot;alignment&quot;:4,&quot;writingDirection&quot;:1}}\">Le Phoenix des maures<\/span><span data-tt=\"{&quot;paragraphStyle&quot;:{&quot;alignment&quot;:4,&quot;writingDirection&quot;:1}}\">\u00a0\u00bb incarne une profonde exploration des th\u00e8mes de la r\u00e9surrection, de la transformation et de l\u2019espoir \u00e0 travers l\u2019association de mat\u00e9riaux contrast\u00e9s et d\u2019une esth\u00e9tique puissante. L\u2019\u0153uvre invite le spectateur \u00e0 m\u00e9diter sur la nature \u00e9ph\u00e9m\u00e8re de la vie, tout en c\u00e9l\u00e9brant la capacit\u00e9 de l\u2019esprit humain \u00e0 se r\u00e9inventer et \u00e0 \u00e9merger de l\u2019adversit\u00e9, tel un ph\u00e9nix renaissant de ses propres cendres.<\/span><\/p><p>Le Phoenix qui rena\u00eet de ses cendres, et un message de soutien \u00e0 toutes les victimes des incendies, le dos en carbone pr\u00e9cise le message suivant : \u00ab lorsque l\u2019on rena\u00eet de ses cendres, nous sommes toujours plus performants \u00bb.<\/p><p>Dimension :156x90x72<\/p>\t\t\t\t\t\t\t\t<\/div>\n\t\t\t\t<\/div>\n\t\t\t\t\t<\/div>\n\t\t<\/div>\n\t\t\t\t\t<\/div>\n\t\t<\/section>\n\t\t\t\t<section class=\"elementor-section elementor-top-section elementor-element elementor-element-3c7a2409 elementor-section-boxed elementor-section-height-default elementor-section-height-default\" data-id=\"3c7a2409\" data-element_type=\"section\" data-e-type=\"section\">\n\t\t\t\t\t\t<div class=\"elementor-container elementor-column-gap-default\">\n\t\t\t\t\t<div class=\"elementor-column elementor-col-100 elementor-top-column elementor-element elementor-element-7ca6b910\" data-id=\"7ca6b910\" data-element_type=\"column\" data-e-type=\"column\">\n\t\t\t<div class=\"elementor-widget-wrap elementor-element-populated\">\n\t\t\t\t\t\t<div class=\"elementor-element elementor-element-158dce6c elementor-align-center elementor-widget elementor-widget-button\" data-id=\"158dce6c\" data-element_type=\"widget\" data-e-type=\"widget\" data-widget_type=\"button.default\">\n\t\t\t\t<div class=\"elementor-widget-container\">\n\t\t\t\t\t\t\t\t\t<div class=\"elementor-button-wrapper\">\n\t\t\t\t\t<a class=\"elementor-button elementor-button-link elementor-size-sm\" href=\"#\">\n\t\t\t\t\t\t<span class=\"elementor-button-content-wrapper\">\n\t\t\t\t\t\t\t\t\t<span class=\"elementor-button-text\"> This piece is available. \ud83d\udc49 Contact me for more information.<\/span>\n\t\t\t\t\t<\/span>\n\t\t\t\t\t<\/a>\n\t\t\t\t<\/div>\n\t\t\t\t\t\t\t\t<\/div>\n\t\t\t\t<\/div>\n\t\t\t\t\t<\/div>\n\t\t<\/div>\n\t\t\t\t\t<\/div>\n\t\t<\/section>\n\t\t\t\t<\/div>","protected":false},"excerpt":{"rendered":"<p>LE PH\u0152NIX DE LA FOR\u00caT DES MAURES \u0152uvre r\u00e9alis\u00e9e \u00e0 l\u2019occasion des incendies qui ont eu lieu dans le var (for\u00eat des Maures) en Aout 2021, beaucoup, faune et flore ont \u00e9t\u00e9 durement impact\u00e9s. \u00a0L\u2019\u0153uvre \u00ab\u00a0Le Phoenix des maures\u00a0\u00bb est une pi\u00e8ce d\u2019art contemporain qui pousse les limites de l\u2019expression artistique en combinant des mat\u00e9riaux&#8230;<\/p>","protected":false},"author":1,"featured_media":105,"comment_status":"open","ping_status":"open","sticky":false,"template":"","format":"standard","meta":{"_kad_post_transparent":"","_kad_post_title":"","_kad_post_layout":"","_kad_post_sidebar_id":"","_kad_post_content_style":"","_kad_post_vertical_padding":"","_kad_post_feature":"","_kad_post_feature_position":"","_kad_post_header":false,"_kad_post_footer":false,"footnotes":""},"categories":[55,58],"tags":[],"class_list":["post-1837","post","type-post","status-publish","format-standard","has-post-thumbnail","hentry","category-les-animaux","category-vendu"],"yoast_head":"<!-- This site is optimized with the Yoast SEO plugin v27.5 - https:\/\/yoast.com\/product\/yoast-seo-wordpress\/ -->\n<title>LE PH\u0152NIX DE LA FOR\u00caT DES MAURES\ud83d\udd34 - RDelsemme<\/title>\n<meta name=\"robots\" content=\"index, follow, max-snippet:-1, max-image-preview:large, max-video-preview:-1\" \/>\n<link rel=\"canonical\" href=\"https:\/\/www.rdelsemme.com\/en\/le-phoenix-de-la-foret-des-maures\/\" \/>\n<meta property=\"og:locale\" content=\"en_US\" \/>\n<meta property=\"og:type\" content=\"article\" \/>\n<meta property=\"og:title\" content=\"LE PH\u0152NIX DE LA FOR\u00caT DES MAURES\ud83d\udd34 - RDelsemme\" \/>\n<meta property=\"og:description\" content=\"LE PH\u0152NIX DE LA FOR\u00caT DES MAURES \u0152uvre r\u00e9alis\u00e9e \u00e0 l\u2019occasion des incendies qui ont eu lieu dans le var (for\u00eat des Maures) en Aout 2021, beaucoup, faune et flore ont \u00e9t\u00e9 durement impact\u00e9s. \u00a0L\u2019\u0153uvre \u00ab\u00a0Le Phoenix des maures\u00a0\u00bb est une pi\u00e8ce d\u2019art contemporain qui pousse les limites de l\u2019expression artistique en combinant des mat\u00e9riaux...\" \/>\n<meta property=\"og:url\" content=\"https:\/\/www.rdelsemme.com\/en\/le-phoenix-de-la-foret-des-maures\/\" \/>\n<meta property=\"og:site_name\" content=\"RDelsemme\" \/>\n<meta property=\"article:published_time\" content=\"2025-09-26T10:52:18+00:00\" \/>\n<meta property=\"article:modified_time\" content=\"2025-09-29T15:01:17+00:00\" \/>\n<meta property=\"og:image\" content=\"https:\/\/www.rdelsemme.com\/wp-content\/uploads\/2022\/08\/phoenix.png\" \/>\n\t<meta property=\"og:image:width\" content=\"1024\" \/>\n\t<meta property=\"og:image:height\" content=\"1024\" \/>\n\t<meta property=\"og:image:type\" content=\"image\/png\" \/>\n<meta name=\"author\" content=\"rdelsemme\" \/>\n<meta name=\"twitter:card\" content=\"summary_large_image\" \/>\n<meta name=\"twitter:label1\" content=\"Written by\" \/>\n\t<meta name=\"twitter:data1\" content=\"rdelsemme\" \/>\n\t<meta name=\"twitter:label2\" content=\"Est. reading time\" \/>\n\t<meta name=\"twitter:data2\" content=\"3 minutes\" \/>\n<script type=\"application\/ld+json\" class=\"yoast-schema-graph\">{\"@context\":\"https:\\\/\\\/schema.org\",\"@graph\":[{\"@type\":\"Article\",\"@id\":\"https:\\\/\\\/www.rdelsemme.com\\\/le-phoenix-de-la-foret-des-maures\\\/#article\",\"isPartOf\":{\"@id\":\"https:\\\/\\\/www.rdelsemme.com\\\/le-phoenix-de-la-foret-des-maures\\\/\"},\"author\":{\"name\":\"rdelsemme\",\"@id\":\"https:\\\/\\\/www.rdelsemme.com\\\/#\\\/schema\\\/person\\\/deaaa5efccddd0af470b509f08c766c3\"},\"headline\":\"LE PH\u0152NIX DE LA FOR\u00caT DES MAURES\ud83d\udd34\",\"datePublished\":\"2025-09-26T10:52:18+00:00\",\"dateModified\":\"2025-09-29T15:01:17+00:00\",\"mainEntityOfPage\":{\"@id\":\"https:\\\/\\\/www.rdelsemme.com\\\/le-phoenix-de-la-foret-des-maures\\\/\"},\"wordCount\":468,\"commentCount\":0,\"publisher\":{\"@id\":\"https:\\\/\\\/www.rdelsemme.com\\\/#\\\/schema\\\/person\\\/deaaa5efccddd0af470b509f08c766c3\"},\"image\":{\"@id\":\"https:\\\/\\\/www.rdelsemme.com\\\/le-phoenix-de-la-foret-des-maures\\\/#primaryimage\"},\"thumbnailUrl\":\"https:\\\/\\\/www.rdelsemme.com\\\/wp-content\\\/uploads\\\/2022\\\/08\\\/phoenix.png\",\"articleSection\":[\"LES ANIMAUX\",\"Vendu\"],\"inLanguage\":\"en-US\",\"potentialAction\":[{\"@type\":\"CommentAction\",\"name\":\"Comment\",\"target\":[\"https:\\\/\\\/www.rdelsemme.com\\\/le-phoenix-de-la-foret-des-maures\\\/#respond\"]}]},{\"@type\":\"WebPage\",\"@id\":\"https:\\\/\\\/www.rdelsemme.com\\\/le-phoenix-de-la-foret-des-maures\\\/\",\"url\":\"https:\\\/\\\/www.rdelsemme.com\\\/le-phoenix-de-la-foret-des-maures\\\/\",\"name\":\"LE PH\u0152NIX DE LA FOR\u00caT DES MAURES\ud83d\udd34 - RDelsemme\",\"isPartOf\":{\"@id\":\"https:\\\/\\\/www.rdelsemme.com\\\/#website\"},\"primaryImageOfPage\":{\"@id\":\"https:\\\/\\\/www.rdelsemme.com\\\/le-phoenix-de-la-foret-des-maures\\\/#primaryimage\"},\"image\":{\"@id\":\"https:\\\/\\\/www.rdelsemme.com\\\/le-phoenix-de-la-foret-des-maures\\\/#primaryimage\"},\"thumbnailUrl\":\"https:\\\/\\\/www.rdelsemme.com\\\/wp-content\\\/uploads\\\/2022\\\/08\\\/phoenix.png\",\"datePublished\":\"2025-09-26T10:52:18+00:00\",\"dateModified\":\"2025-09-29T15:01:17+00:00\",\"breadcrumb\":{\"@id\":\"https:\\\/\\\/www.rdelsemme.com\\\/le-phoenix-de-la-foret-des-maures\\\/#breadcrumb\"},\"inLanguage\":\"en-US\",\"potentialAction\":[{\"@type\":\"ReadAction\",\"target\":[\"https:\\\/\\\/www.rdelsemme.com\\\/le-phoenix-de-la-foret-des-maures\\\/\"]}]},{\"@type\":\"ImageObject\",\"inLanguage\":\"en-US\",\"@id\":\"https:\\\/\\\/www.rdelsemme.com\\\/le-phoenix-de-la-foret-des-maures\\\/#primaryimage\",\"url\":\"https:\\\/\\\/www.rdelsemme.com\\\/wp-content\\\/uploads\\\/2022\\\/08\\\/phoenix.png\",\"contentUrl\":\"https:\\\/\\\/www.rdelsemme.com\\\/wp-content\\\/uploads\\\/2022\\\/08\\\/phoenix.png\",\"width\":1024,\"height\":1024},{\"@type\":\"BreadcrumbList\",\"@id\":\"https:\\\/\\\/www.rdelsemme.com\\\/le-phoenix-de-la-foret-des-maures\\\/#breadcrumb\",\"itemListElement\":[{\"@type\":\"ListItem\",\"position\":1,\"name\":\"Accueil\",\"item\":\"https:\\\/\\\/www.rdelsemme.com\\\/\"},{\"@type\":\"ListItem\",\"position\":2,\"name\":\"LE PH\u0152NIX DE LA FOR\u00caT DES MAURES\ud83d\udd34\"}]},{\"@type\":\"WebSite\",\"@id\":\"https:\\\/\\\/www.rdelsemme.com\\\/#website\",\"url\":\"https:\\\/\\\/www.rdelsemme.com\\\/\",\"name\":\"RDelsemme\",\"description\":\"Artiste Designer\",\"publisher\":{\"@id\":\"https:\\\/\\\/www.rdelsemme.com\\\/#\\\/schema\\\/person\\\/deaaa5efccddd0af470b509f08c766c3\"},\"potentialAction\":[{\"@type\":\"SearchAction\",\"target\":{\"@type\":\"EntryPoint\",\"urlTemplate\":\"https:\\\/\\\/www.rdelsemme.com\\\/?s={search_term_string}\"},\"query-input\":{\"@type\":\"PropertyValueSpecification\",\"valueRequired\":true,\"valueName\":\"search_term_string\"}}],\"inLanguage\":\"en-US\"},{\"@type\":[\"Person\",\"Organization\"],\"@id\":\"https:\\\/\\\/www.rdelsemme.com\\\/#\\\/schema\\\/person\\\/deaaa5efccddd0af470b509f08c766c3\",\"name\":\"rdelsemme\",\"image\":{\"@type\":\"ImageObject\",\"inLanguage\":\"en-US\",\"@id\":\"https:\\\/\\\/www.rdelsemme.com\\\/wp-content\\\/uploads\\\/2022\\\/08\\\/logo-3-512.bmp\",\"url\":\"https:\\\/\\\/www.rdelsemme.com\\\/wp-content\\\/uploads\\\/2022\\\/08\\\/logo-3-512.bmp\",\"contentUrl\":\"https:\\\/\\\/www.rdelsemme.com\\\/wp-content\\\/uploads\\\/2022\\\/08\\\/logo-3-512.bmp\",\"width\":512,\"height\":512,\"caption\":\"rdelsemme\"},\"logo\":{\"@id\":\"https:\\\/\\\/www.rdelsemme.com\\\/wp-content\\\/uploads\\\/2022\\\/08\\\/logo-3-512.bmp\"},\"sameAs\":[\"https:\\\/\\\/www.rdelsemme.com\"],\"url\":\"https:\\\/\\\/www.rdelsemme.com\\\/en\\\/author\\\/rdelsemme\\\/\"}]}<\/script>\n<!-- \/ Yoast SEO plugin. -->","yoast_head_json":{"title":"LE PH\u0152NIX DE LA FOR\u00caT DES MAURES\ud83d\udd34 - RDelsemme","robots":{"index":"index","follow":"follow","max-snippet":"max-snippet:-1","max-image-preview":"max-image-preview:large","max-video-preview":"max-video-preview:-1"},"canonical":"https:\/\/www.rdelsemme.com\/en\/le-phoenix-de-la-foret-des-maures\/","og_locale":"en_US","og_type":"article","og_title":"LE PH\u0152NIX DE LA FOR\u00caT DES MAURES\ud83d\udd34 - RDelsemme","og_description":"LE PH\u0152NIX DE LA FOR\u00caT DES MAURES \u0152uvre r\u00e9alis\u00e9e \u00e0 l\u2019occasion des incendies qui ont eu lieu dans le var (for\u00eat des Maures) en Aout 2021, beaucoup, faune et flore ont \u00e9t\u00e9 durement impact\u00e9s. \u00a0L\u2019\u0153uvre \u00ab\u00a0Le Phoenix des maures\u00a0\u00bb est une pi\u00e8ce d\u2019art contemporain qui pousse les limites de l\u2019expression artistique en combinant des mat\u00e9riaux...","og_url":"https:\/\/www.rdelsemme.com\/en\/le-phoenix-de-la-foret-des-maures\/","og_site_name":"RDelsemme","article_published_time":"2025-09-26T10:52:18+00:00","article_modified_time":"2025-09-29T15:01:17+00:00","og_image":[{"width":1024,"height":1024,"url":"https:\/\/www.rdelsemme.com\/wp-content\/uploads\/2022\/08\/phoenix.png","type":"image\/png"}],"author":"rdelsemme","twitter_card":"summary_large_image","twitter_misc":{"Written by":"rdelsemme","Est. reading time":"3 minutes"},"schema":{"@context":"https:\/\/schema.org","@graph":[{"@type":"Article","@id":"https:\/\/www.rdelsemme.com\/le-phoenix-de-la-foret-des-maures\/#article","isPartOf":{"@id":"https:\/\/www.rdelsemme.com\/le-phoenix-de-la-foret-des-maures\/"},"author":{"name":"rdelsemme","@id":"https:\/\/www.rdelsemme.com\/#\/schema\/person\/deaaa5efccddd0af470b509f08c766c3"},"headline":"LE PH\u0152NIX DE LA FOR\u00caT DES MAURES\ud83d\udd34","datePublished":"2025-09-26T10:52:18+00:00","dateModified":"2025-09-29T15:01:17+00:00","mainEntityOfPage":{"@id":"https:\/\/www.rdelsemme.com\/le-phoenix-de-la-foret-des-maures\/"},"wordCount":468,"commentCount":0,"publisher":{"@id":"https:\/\/www.rdelsemme.com\/#\/schema\/person\/deaaa5efccddd0af470b509f08c766c3"},"image":{"@id":"https:\/\/www.rdelsemme.com\/le-phoenix-de-la-foret-des-maures\/#primaryimage"},"thumbnailUrl":"https:\/\/www.rdelsemme.com\/wp-content\/uploads\/2022\/08\/phoenix.png","articleSection":["LES ANIMAUX","Vendu"],"inLanguage":"en-US","potentialAction":[{"@type":"CommentAction","name":"Comment","target":["https:\/\/www.rdelsemme.com\/le-phoenix-de-la-foret-des-maures\/#respond"]}]},{"@type":"WebPage","@id":"https:\/\/www.rdelsemme.com\/le-phoenix-de-la-foret-des-maures\/","url":"https:\/\/www.rdelsemme.com\/le-phoenix-de-la-foret-des-maures\/","name":"LE PH\u0152NIX DE LA FOR\u00caT DES MAURES\ud83d\udd34 - RDelsemme","isPartOf":{"@id":"https:\/\/www.rdelsemme.com\/#website"},"primaryImageOfPage":{"@id":"https:\/\/www.rdelsemme.com\/le-phoenix-de-la-foret-des-maures\/#primaryimage"},"image":{"@id":"https:\/\/www.rdelsemme.com\/le-phoenix-de-la-foret-des-maures\/#primaryimage"},"thumbnailUrl":"https:\/\/www.rdelsemme.com\/wp-content\/uploads\/2022\/08\/phoenix.png","datePublished":"2025-09-26T10:52:18+00:00","dateModified":"2025-09-29T15:01:17+00:00","breadcrumb":{"@id":"https:\/\/www.rdelsemme.com\/le-phoenix-de-la-foret-des-maures\/#breadcrumb"},"inLanguage":"en-US","potentialAction":[{"@type":"ReadAction","target":["https:\/\/www.rdelsemme.com\/le-phoenix-de-la-foret-des-maures\/"]}]},{"@type":"ImageObject","inLanguage":"en-US","@id":"https:\/\/www.rdelsemme.com\/le-phoenix-de-la-foret-des-maures\/#primaryimage","url":"https:\/\/www.rdelsemme.com\/wp-content\/uploads\/2022\/08\/phoenix.png","contentUrl":"https:\/\/www.rdelsemme.com\/wp-content\/uploads\/2022\/08\/phoenix.png","width":1024,"height":1024},{"@type":"BreadcrumbList","@id":"https:\/\/www.rdelsemme.com\/le-phoenix-de-la-foret-des-maures\/#breadcrumb","itemListElement":[{"@type":"ListItem","position":1,"name":"Accueil","item":"https:\/\/www.rdelsemme.com\/"},{"@type":"ListItem","position":2,"name":"LE PH\u0152NIX DE LA FOR\u00caT DES MAURES\ud83d\udd34"}]},{"@type":"WebSite","@id":"https:\/\/www.rdelsemme.com\/#website","url":"https:\/\/www.rdelsemme.com\/","name":"RDelsemme","description":"Artiste Designer","publisher":{"@id":"https:\/\/www.rdelsemme.com\/#\/schema\/person\/deaaa5efccddd0af470b509f08c766c3"},"potentialAction":[{"@type":"SearchAction","target":{"@type":"EntryPoint","urlTemplate":"https:\/\/www.rdelsemme.com\/?s={search_term_string}"},"query-input":{"@type":"PropertyValueSpecification","valueRequired":true,"valueName":"search_term_string"}}],"inLanguage":"en-US"},{"@type":["Person","Organization"],"@id":"https:\/\/www.rdelsemme.com\/#\/schema\/person\/deaaa5efccddd0af470b509f08c766c3","name":"rdelsemme","image":{"@type":"ImageObject","inLanguage":"en-US","@id":"https:\/\/www.rdelsemme.com\/wp-content\/uploads\/2022\/08\/logo-3-512.bmp","url":"https:\/\/www.rdelsemme.com\/wp-content\/uploads\/2022\/08\/logo-3-512.bmp","contentUrl":"https:\/\/www.rdelsemme.com\/wp-content\/uploads\/2022\/08\/logo-3-512.bmp","width":512,"height":512,"caption":"rdelsemme"},"logo":{"@id":"https:\/\/www.rdelsemme.com\/wp-content\/uploads\/2022\/08\/logo-3-512.bmp"},"sameAs":["https:\/\/www.rdelsemme.com"],"url":"https:\/\/www.rdelsemme.com\/en\/author\/rdelsemme\/"}]}},"_links":{"self":[{"href":"https:\/\/www.rdelsemme.com\/en\/wp-json\/wp\/v2\/posts\/1837","targetHints":{"allow":["GET"]}}],"collection":[{"href":"https:\/\/www.rdelsemme.com\/en\/wp-json\/wp\/v2\/posts"}],"about":[{"href":"https:\/\/www.rdelsemme.com\/en\/wp-json\/wp\/v2\/types\/post"}],"author":[{"embeddable":true,"href":"https:\/\/www.rdelsemme.com\/en\/wp-json\/wp\/v2\/users\/1"}],"replies":[{"embeddable":true,"href":"https:\/\/www.rdelsemme.com\/en\/wp-json\/wp\/v2\/comments?post=1837"}],"version-history":[{"count":8,"href":"https:\/\/www.rdelsemme.com\/en\/wp-json\/wp\/v2\/posts\/1837\/revisions"}],"predecessor-version":[{"id":2079,"href":"https:\/\/www.rdelsemme.com\/en\/wp-json\/wp\/v2\/posts\/1837\/revisions\/2079"}],"wp:featuredmedia":[{"embeddable":true,"href":"https:\/\/www.rdelsemme.com\/en\/wp-json\/wp\/v2\/media\/105"}],"wp:attachment":[{"href":"https:\/\/www.rdelsemme.com\/en\/wp-json\/wp\/v2\/media?parent=1837"}],"wp:term":[{"taxonomy":"category","embeddable":true,"href":"https:\/\/www.rdelsemme.com\/en\/wp-json\/wp\/v2\/categories?post=1837"},{"taxonomy":"post_tag","embeddable":true,"href":"https:\/\/www.rdelsemme.com\/en\/wp-json\/wp\/v2\/tags?post=1837"}],"curies":[{"name":"wp","href":"https:\/\/api.w.org\/{rel}","templated":true}]}}